{"id":1544,"date":"2023-11-24T16:58:26","date_gmt":"2023-11-24T15:58:26","guid":{"rendered":"https:\/\/crta-robotics.com\/?p=1544"},"modified":"2023-11-24T17:10:49","modified_gmt":"2023-11-24T16:10:49","slug":"tim-crta-e-s-amelicor-om-predstavio-napredne-robotske-tehnologije-na-konferenciji-digideck23-o-digitalizaciji-u-gradevini","status":"publish","type":"post","link":"https:\/\/crta-robotics.com\/de\/tim-crta-e-s-amelicor-om-predstavio-napredne-robotske-tehnologije-na-konferenciji-digideck23-o-digitalizaciji-u-gradevini\/","title":{"rendered":"CRTA und AMELICOR pr\u00e4sentierten fortschrittliche Robotertechnologien auf der DigiDeck23-Konferenz zum Thema Digitalisierung im Bauwesen"},"content":{"rendered":"<p>Am Mittwoch, 16.11.2023. Unser Assistent und Doktorand Branimir \u0106aran nahm unter der Leitung von Assistenzprofessor Marko \u0160vaca an der internationalen Konferenz zur Digitalisierung im Bauwesen \u2013 DigiDeck23 \u2013 teil. Unser Team von CRTA hat sich mit der AMELICOR-Gruppe zusammengetan, um auf der Konferenz die M\u00f6glichkeiten der Anwendung moderner Robotertechnologien in Digitalisierungs- und Verifizierungsprozessen im Bausektor zu demonstrieren.&nbsp;<\/p>\n\n\n\n<p>Durch den Einsatz des mobilen Laufroboters SPOT von Boston Dynamics, der mit einer Leica-Kamera ausgestattet wurde, wurde den Teilnehmern der Konferenz die M\u00f6glichkeit aufgezeigt, wie Robotertechnologien auch in diesem Segment eine schnellere, bessere und effizientere M\u00f6glichkeit zur \u00dcberpr\u00fcfung des durchgef\u00fchrten Zustands bieten k\u00f6nnen auf Baustellen.\u00a0<\/p>\n\n\n\n<p>Wir glauben, dass dies der erste Schritt in der zuk\u00fcnftigen wissenschaftlichen Forschungskooperation mit zahlreichen Bauunternehmen ist, die sich der Bedeutung des Einsatzes von Robotik im Baubereich bewusst sind und ein Schl\u00fcsselfaktor f\u00fcr die weitere Entwicklung sein k\u00f6nnen.\u00a0<\/p>\n\n\n\n<hr class=\"wp-block-separator has-alpha-channel-opacity\"\/>\n\n\n\n<p><\/p>\n\n\n\n<figure class=\"wp-block-gallery has-nested-images columns-default is-cropped wp-block-gallery-1 is-layout-flex wp-block-gallery-is-layout-flex\">\n<figure class=\"wp-block-image size-large\"><img loading=\"lazy\" decoding=\"async\" width=\"1024\" height=\"682\" data-id=\"1545\" src=\"https:\/\/crta-robotics.com\/wp-content\/uploads\/2023\/11\/DigiDeck-1-1024x682.jpg\" alt=\"\" class=\"wp-image-1545\" srcset=\"https:\/\/crta-robotics.com\/wp-content\/uploads\/2023\/11\/DigiDeck-1-1024x682.jpg 1024w, https:\/\/crta-robotics.com\/wp-content\/uploads\/2023\/11\/DigiDeck-1-300x200.jpg 300w, https:\/\/crta-robotics.com\/wp-content\/uploads\/2023\/11\/DigiDeck-1-768x512.jpg 768w, https:\/\/crta-robotics.com\/wp-content\/uploads\/2023\/11\/DigiDeck-1-1536x1024.jpg 1536w, https:\/\/crta-robotics.com\/wp-content\/uploads\/2023\/11\/DigiDeck-1-2048x1365.jpg 2048w, https:\/\/crta-robotics.com\/wp-content\/uploads\/2023\/11\/DigiDeck-1-18x12.jpg 18w, https:\/\/crta-robotics.com\/wp-content\/uploads\/2023\/11\/DigiDeck-1-1621x1080.jpg 1621w\" sizes=\"auto, (max-width: 1024px) 100vw, 1024px\" \/><\/figure>\n\n\n\n<figure class=\"wp-block-image size-large\"><img loading=\"lazy\" decoding=\"async\" width=\"1024\" height=\"682\" data-id=\"1546\" src=\"https:\/\/crta-robotics.com\/wp-content\/uploads\/2023\/11\/DigiDeck-2-1024x682.jpg\" alt=\"\" class=\"wp-image-1546\" srcset=\"https:\/\/crta-robotics.com\/wp-content\/uploads\/2023\/11\/DigiDeck-2-1024x682.jpg 1024w, https:\/\/crta-robotics.com\/wp-content\/uploads\/2023\/11\/DigiDeck-2-300x200.jpg 300w, https:\/\/crta-robotics.com\/wp-content\/uploads\/2023\/11\/DigiDeck-2-768x512.jpg 768w, https:\/\/crta-robotics.com\/wp-content\/uploads\/2023\/11\/DigiDeck-2-1536x1024.jpg 1536w, https:\/\/crta-robotics.com\/wp-content\/uploads\/2023\/11\/DigiDeck-2-2048x1365.jpg 2048w, https:\/\/crta-robotics.com\/wp-content\/uploads\/2023\/11\/DigiDeck-2-18x12.jpg 18w, https:\/\/crta-robotics.com\/wp-content\/uploads\/2023\/11\/DigiDeck-2-1621x1080.jpg 1621w\" sizes=\"auto, (max-width: 1024px) 100vw, 1024px\" \/><\/figure>\n\n\n\n<figure class=\"wp-block-image size-large\"><img loading=\"lazy\" decoding=\"async\" width=\"1024\" height=\"682\" data-id=\"1548\" src=\"https:\/\/crta-robotics.com\/wp-content\/uploads\/2023\/11\/FJ1A5043-1024x682.jpg\" alt=\"\" class=\"wp-image-1548\" srcset=\"https:\/\/crta-robotics.com\/wp-content\/uploads\/2023\/11\/FJ1A5043-1024x682.jpg 1024w, https:\/\/crta-robotics.com\/wp-content\/uploads\/2023\/11\/FJ1A5043-300x200.jpg 300w, https:\/\/crta-robotics.com\/wp-content\/uploads\/2023\/11\/FJ1A5043-768x512.jpg 768w, https:\/\/crta-robotics.com\/wp-content\/uploads\/2023\/11\/FJ1A5043-1536x1024.jpg 1536w, https:\/\/crta-robotics.com\/wp-content\/uploads\/2023\/11\/FJ1A5043-2048x1365.jpg 2048w, https:\/\/crta-robotics.com\/wp-content\/uploads\/2023\/11\/FJ1A5043-18x12.jpg 18w, https:\/\/crta-robotics.com\/wp-content\/uploads\/2023\/11\/FJ1A5043-1621x1080.jpg 1621w\" sizes=\"auto, (max-width: 1024px) 100vw, 1024px\" \/><\/figure>\n\n\n\n<figure class=\"wp-block-image size-large\"><img loading=\"lazy\" decoding=\"async\" width=\"768\" height=\"1024\" data-id=\"1547\" src=\"https:\/\/crta-robotics.com\/wp-content\/uploads\/2023\/11\/IMG_9486-768x1024.jpg\" alt=\"\" class=\"wp-image-1547\" srcset=\"https:\/\/crta-robotics.com\/wp-content\/uploads\/2023\/11\/IMG_9486-768x1024.jpg 768w, https:\/\/crta-robotics.com\/wp-content\/uploads\/2023\/11\/IMG_9486-225x300.jpg 225w, https:\/\/crta-robotics.com\/wp-content\/uploads\/2023\/11\/IMG_9486-1152x1536.jpg 1152w, https:\/\/crta-robotics.com\/wp-content\/uploads\/2023\/11\/IMG_9486-1536x2048.jpg 1536w, https:\/\/crta-robotics.com\/wp-content\/uploads\/2023\/11\/IMG_9486-9x12.jpg 9w, https:\/\/crta-robotics.com\/wp-content\/uploads\/2023\/11\/IMG_9486-1024x1365.jpg 1024w, https:\/\/crta-robotics.com\/wp-content\/uploads\/2023\/11\/IMG_9486-810x1080.jpg 810w, https:\/\/crta-robotics.com\/wp-content\/uploads\/2023\/11\/IMG_9486-rotated.jpg 1875w\" sizes=\"auto, (max-width: 768px) 100vw, 768px\" \/><\/figure>\n\n\n\n<figure class=\"wp-block-image size-large\"><img loading=\"lazy\" decoding=\"async\" width=\"1024\" height=\"768\" data-id=\"1550\" src=\"https:\/\/crta-robotics.com\/wp-content\/uploads\/2023\/11\/IMG_9494-1024x768.jpg\" alt=\"\" class=\"wp-image-1550\" srcset=\"https:\/\/crta-robotics.com\/wp-content\/uploads\/2023\/11\/IMG_9494-1024x768.jpg 1024w, https:\/\/crta-robotics.com\/wp-content\/uploads\/2023\/11\/IMG_9494-300x225.jpg 300w, https:\/\/crta-robotics.com\/wp-content\/uploads\/2023\/11\/IMG_9494-768x576.jpg 768w, https:\/\/crta-robotics.com\/wp-content\/uploads\/2023\/11\/IMG_9494-1536x1152.jpg 1536w, https:\/\/crta-robotics.com\/wp-content\/uploads\/2023\/11\/IMG_9494-2048x1536.jpg 2048w, https:\/\/crta-robotics.com\/wp-content\/uploads\/2023\/11\/IMG_9494-16x12.jpg 16w, https:\/\/crta-robotics.com\/wp-content\/uploads\/2023\/11\/IMG_9494-1440x1080.jpg 1440w\" sizes=\"auto, (max-width: 1024px) 100vw, 1024px\" \/><\/figure>\n\n\n\n<figure class=\"wp-block-image size-large\"><img loading=\"lazy\" decoding=\"async\" width=\"1024\" height=\"576\" data-id=\"1549\" src=\"https:\/\/crta-robotics.com\/wp-content\/uploads\/2023\/11\/IMG_9503-1024x576.jpg\" alt=\"\" class=\"wp-image-1549\" srcset=\"https:\/\/crta-robotics.com\/wp-content\/uploads\/2023\/11\/IMG_9503-1024x576.jpg 1024w, https:\/\/crta-robotics.com\/wp-content\/uploads\/2023\/11\/IMG_9503-300x169.jpg 300w, https:\/\/crta-robotics.com\/wp-content\/uploads\/2023\/11\/IMG_9503-768x432.jpg 768w, https:\/\/crta-robotics.com\/wp-content\/uploads\/2023\/11\/IMG_9503-1536x864.jpg 1536w, https:\/\/crta-robotics.com\/wp-content\/uploads\/2023\/11\/IMG_9503-2048x1152.jpg 2048w, https:\/\/crta-robotics.com\/wp-content\/uploads\/2023\/11\/IMG_9503-18x10.jpg 18w, https:\/\/crta-robotics.com\/wp-content\/uploads\/2023\/11\/IMG_9503-1920x1080.jpg 1920w\" sizes=\"auto, (max-width: 1024px) 100vw, 1024px\" \/><\/figure>\n<\/figure>","protected":false},"excerpt":{"rendered":"<p>Am Mittwoch, 16.11.2023. Unser Assistent und Doktorand Branimir \u0106aran nahm unter der Leitung von Assistenzprofessor Marko \u0160vaca an der internationalen Konferenz zur Digitalisierung im Bauwesen \u2013 DigiDeck23 \u2013 teil. Unser Team von CRTA hat sich mit der AMELICOR-Gruppe zusammengetan, um auf der Konferenz die M\u00f6glichkeiten der Anwendung moderner Robotertechnologien in Digitalisierungs- und Verifizierungsprozessen im Bausektor zu demonstrieren. Mit einem mobilen Roboter\u2026 <br \/> <a class=\"read-more\" href=\"https:\/\/crta-robotics.com\/de\/tim-crta-e-s-amelicor-om-predstavio-napredne-robotske-tehnologije-na-konferenciji-digideck23-o-digitalizaciji-u-gradevini\/\">Mehr lesen<\/a><\/p>","protected":false},"author":11,"featured_media":1545,"comment_status":"closed","ping_status":"closed","sticky":false,"template":"","format":"standard","meta":{"footnotes":""},"categories":[1],"tags":[],"class_list":["post-1544","post","type-post","status-publish","format-standard","has-post-thumbnail","hentry","category-uncategorized"],"yoast_head":"<!-- This site is optimized with the Yoast SEO plugin v27.4 - https:\/\/yoast.com\/product\/yoast-seo-wordpress\/ -->\n<title>CRTA i AMELICOR predstavili napredne robotske tehnologije na konferenciji DigiDeck23 o digitalizaciji u gra\u0111evini - CRTA<\/title>\n<meta name=\"robots\" content=\"index, follow, max-snippet:-1, max-image-preview:large, max-video-preview:-1\" \/>\n<link rel=\"canonical\" href=\"https:\/\/crta-robotics.com\/de\/tim-crta-e-s-amelicor-om-predstavio-napredne-robotske-tehnologije-na-konferenciji-digideck23-o-digitalizaciji-u-gradevini\/\" \/>\n<meta property=\"og:locale\" content=\"de_DE\" \/>\n<meta property=\"og:type\" content=\"article\" \/>\n<meta property=\"og:title\" content=\"CRTA i AMELICOR predstavili napredne robotske tehnologije na konferenciji DigiDeck23 o digitalizaciji u gra\u0111evini - CRTA\" \/>\n<meta property=\"og:description\" content=\"U srijedu 16.11.2023. na\u0161 asistent i doktorand Branimir \u0106aran, pod vodstvom docenta Marka \u0160vace sudjelovao je na me\u0111unarodnoj konferenciji digitalizacije u gra\u0111evini \u2013 DigiDeck23. Na\u0161 tim iz CRTA-e udru\u017eio je snage s AMELICOR grupom kako bi na konferenciji pokazao mogu\u0107nosti primjene suvremenih robotskih tehnologija u procesima digitalizacije i provjere u gra\u0111evinskom sektoru.&nbsp; Kori\u0161tenjem mobilnog robota&hellip; Read more\" \/>\n<meta property=\"og:url\" content=\"https:\/\/crta-robotics.com\/de\/tim-crta-e-s-amelicor-om-predstavio-napredne-robotske-tehnologije-na-konferenciji-digideck23-o-digitalizaciji-u-gradevini\/\" \/>\n<meta property=\"og:site_name\" content=\"CRTA\" \/>\n<meta property=\"article:published_time\" content=\"2023-11-24T15:58:26+00:00\" \/>\n<meta property=\"article:modified_time\" content=\"2023-11-24T16:10:49+00:00\" \/>\n<meta property=\"og:image\" content=\"https:\/\/crta-robotics.com\/wp-content\/uploads\/2023\/11\/DigiDeck-1.jpg\" \/>\n\t<meta property=\"og:image:width\" content=\"2500\" \/>\n\t<meta property=\"og:image:height\" content=\"1666\" \/>\n\t<meta property=\"og:image:type\" content=\"image\/jpeg\" \/>\n<meta name=\"author\" content=\"CRTA\" \/>\n<meta name=\"twitter:card\" content=\"summary_large_image\" \/>\n<meta name=\"twitter:label1\" content=\"Verfasst von\" \/>\n\t<meta name=\"twitter:data1\" content=\"CRTA\" \/>\n\t<meta name=\"twitter:label2\" content=\"Gesch\u00e4tzte Lesezeit\" \/>\n\t<meta name=\"twitter:data2\" content=\"2\u00a0Minuten\" \/>\n<script type=\"application\/ld+json\" class=\"yoast-schema-graph\">{\"@context\":\"https:\\\/\\\/schema.org\",\"@graph\":[{\"@type\":\"Article\",\"@id\":\"https:\\\/\\\/crta-robotics.com\\\/tim-crta-e-s-amelicor-om-predstavio-napredne-robotske-tehnologije-na-konferenciji-digideck23-o-digitalizaciji-u-gradevini\\\/#article\",\"isPartOf\":{\"@id\":\"https:\\\/\\\/crta-robotics.com\\\/tim-crta-e-s-amelicor-om-predstavio-napredne-robotske-tehnologije-na-konferenciji-digideck23-o-digitalizaciji-u-gradevini\\\/\"},\"author\":{\"name\":\"CRTA\",\"@id\":\"https:\\\/\\\/crta-robotics.com\\\/#\\\/schema\\\/person\\\/572b85658b5689a6ad17cb83245d7e7e\"},\"headline\":\"CRTA i AMELICOR predstavili napredne robotske tehnologije na konferenciji DigiDeck23 o digitalizaciji u gra\u0111evini\",\"datePublished\":\"2023-11-24T15:58:26+00:00\",\"dateModified\":\"2023-11-24T16:10:49+00:00\",\"mainEntityOfPage\":{\"@id\":\"https:\\\/\\\/crta-robotics.com\\\/tim-crta-e-s-amelicor-om-predstavio-napredne-robotske-tehnologije-na-konferenciji-digideck23-o-digitalizaciji-u-gradevini\\\/\"},\"wordCount\":158,\"publisher\":{\"@id\":\"https:\\\/\\\/crta-robotics.com\\\/#organization\"},\"image\":{\"@id\":\"https:\\\/\\\/crta-robotics.com\\\/tim-crta-e-s-amelicor-om-predstavio-napredne-robotske-tehnologije-na-konferenciji-digideck23-o-digitalizaciji-u-gradevini\\\/#primaryimage\"},\"thumbnailUrl\":\"https:\\\/\\\/crta-robotics.com\\\/wp-content\\\/uploads\\\/2023\\\/11\\\/DigiDeck-1.jpg\",\"articleSection\":[\"Uncategorized\"],\"inLanguage\":\"de\"},{\"@type\":\"WebPage\",\"@id\":\"https:\\\/\\\/crta-robotics.com\\\/tim-crta-e-s-amelicor-om-predstavio-napredne-robotske-tehnologije-na-konferenciji-digideck23-o-digitalizaciji-u-gradevini\\\/\",\"url\":\"https:\\\/\\\/crta-robotics.com\\\/tim-crta-e-s-amelicor-om-predstavio-napredne-robotske-tehnologije-na-konferenciji-digideck23-o-digitalizaciji-u-gradevini\\\/\",\"name\":\"CRTA i AMELICOR predstavili napredne robotske tehnologije na konferenciji DigiDeck23 o digitalizaciji u gra\u0111evini - CRTA\",\"isPartOf\":{\"@id\":\"https:\\\/\\\/crta-robotics.com\\\/#website\"},\"primaryImageOfPage\":{\"@id\":\"https:\\\/\\\/crta-robotics.com\\\/tim-crta-e-s-amelicor-om-predstavio-napredne-robotske-tehnologije-na-konferenciji-digideck23-o-digitalizaciji-u-gradevini\\\/#primaryimage\"},\"image\":{\"@id\":\"https:\\\/\\\/crta-robotics.com\\\/tim-crta-e-s-amelicor-om-predstavio-napredne-robotske-tehnologije-na-konferenciji-digideck23-o-digitalizaciji-u-gradevini\\\/#primaryimage\"},\"thumbnailUrl\":\"https:\\\/\\\/crta-robotics.com\\\/wp-content\\\/uploads\\\/2023\\\/11\\\/DigiDeck-1.jpg\",\"datePublished\":\"2023-11-24T15:58:26+00:00\",\"dateModified\":\"2023-11-24T16:10:49+00:00\",\"breadcrumb\":{\"@id\":\"https:\\\/\\\/crta-robotics.com\\\/tim-crta-e-s-amelicor-om-predstavio-napredne-robotske-tehnologije-na-konferenciji-digideck23-o-digitalizaciji-u-gradevini\\\/#breadcrumb\"},\"inLanguage\":\"de\",\"potentialAction\":[{\"@type\":\"ReadAction\",\"target\":[\"https:\\\/\\\/crta-robotics.com\\\/tim-crta-e-s-amelicor-om-predstavio-napredne-robotske-tehnologije-na-konferenciji-digideck23-o-digitalizaciji-u-gradevini\\\/\"]}]},{\"@type\":\"ImageObject\",\"inLanguage\":\"de\",\"@id\":\"https:\\\/\\\/crta-robotics.com\\\/tim-crta-e-s-amelicor-om-predstavio-napredne-robotske-tehnologije-na-konferenciji-digideck23-o-digitalizaciji-u-gradevini\\\/#primaryimage\",\"url\":\"https:\\\/\\\/crta-robotics.com\\\/wp-content\\\/uploads\\\/2023\\\/11\\\/DigiDeck-1.jpg\",\"contentUrl\":\"https:\\\/\\\/crta-robotics.com\\\/wp-content\\\/uploads\\\/2023\\\/11\\\/DigiDeck-1.jpg\",\"width\":2500,\"height\":1666},{\"@type\":\"BreadcrumbList\",\"@id\":\"https:\\\/\\\/crta-robotics.com\\\/tim-crta-e-s-amelicor-om-predstavio-napredne-robotske-tehnologije-na-konferenciji-digideck23-o-digitalizaciji-u-gradevini\\\/#breadcrumb\",\"itemListElement\":[{\"@type\":\"ListItem\",\"position\":1,\"name\":\"Po\u010detna stranica\",\"item\":\"https:\\\/\\\/crta-robotics.com\\\/\"},{\"@type\":\"ListItem\",\"position\":2,\"name\":\"CRTA i AMELICOR predstavili napredne robotske tehnologije na konferenciji DigiDeck23 o digitalizaciji u gra\u0111evini\"}]},{\"@type\":\"WebSite\",\"@id\":\"https:\\\/\\\/crta-robotics.com\\\/#website\",\"url\":\"https:\\\/\\\/crta-robotics.com\\\/\",\"name\":\"CRTA\",\"description\":\"Regionalni centar izvrsnosti za robotske tehnologije\",\"publisher\":{\"@id\":\"https:\\\/\\\/crta-robotics.com\\\/#organization\"},\"potentialAction\":[{\"@type\":\"SearchAction\",\"target\":{\"@type\":\"EntryPoint\",\"urlTemplate\":\"https:\\\/\\\/crta-robotics.com\\\/?s={search_term_string}\"},\"query-input\":{\"@type\":\"PropertyValueSpecification\",\"valueRequired\":true,\"valueName\":\"search_term_string\"}}],\"inLanguage\":\"de\"},{\"@type\":\"Organization\",\"@id\":\"https:\\\/\\\/crta-robotics.com\\\/#organization\",\"name\":\"CRTA\",\"url\":\"https:\\\/\\\/crta-robotics.com\\\/\",\"logo\":{\"@type\":\"ImageObject\",\"inLanguage\":\"de\",\"@id\":\"https:\\\/\\\/crta-robotics.com\\\/#\\\/schema\\\/logo\\\/image\\\/\",\"url\":\"https:\\\/\\\/crta-robotics.com\\\/wp-content\\\/uploads\\\/2025\\\/01\\\/logo.png\",\"contentUrl\":\"https:\\\/\\\/crta-robotics.com\\\/wp-content\\\/uploads\\\/2025\\\/01\\\/logo.png\",\"width\":4628,\"height\":6012,\"caption\":\"CRTA\"},\"image\":{\"@id\":\"https:\\\/\\\/crta-robotics.com\\\/#\\\/schema\\\/logo\\\/image\\\/\"},\"sameAs\":[\"https:\\\/\\\/www.youtube.com\\\/channel\\\/UC31U0HP10N8_P6uo2PndYRQ\"]},{\"@type\":\"Person\",\"@id\":\"https:\\\/\\\/crta-robotics.com\\\/#\\\/schema\\\/person\\\/572b85658b5689a6ad17cb83245d7e7e\",\"name\":\"CRTA\",\"image\":{\"@type\":\"ImageObject\",\"inLanguage\":\"de\",\"@id\":\"https:\\\/\\\/secure.gravatar.com\\\/avatar\\\/77a65c0e8bd0bae3f600a6be56bb34c20f29251da02eb249a20fa9133b6fffe3?s=96&d=mm&r=g\",\"url\":\"https:\\\/\\\/secure.gravatar.com\\\/avatar\\\/77a65c0e8bd0bae3f600a6be56bb34c20f29251da02eb249a20fa9133b6fffe3?s=96&d=mm&r=g\",\"contentUrl\":\"https:\\\/\\\/secure.gravatar.com\\\/avatar\\\/77a65c0e8bd0bae3f600a6be56bb34c20f29251da02eb249a20fa9133b6fffe3?s=96&d=mm&r=g\",\"caption\":\"CRTA\"},\"url\":\"https:\\\/\\\/crta-robotics.com\\\/de\\\/author\\\/crta\\\/\"}]}<\/script>\n<!-- \/ Yoast SEO plugin. -->","yoast_head_json":{"title":"CRTA und AMELICOR pr\u00e4sentierten fortschrittliche Robotertechnologien auf der DigiDeck23-Konferenz zur Digitalisierung im Bauwesen - CRTA","robots":{"index":"index","follow":"follow","max-snippet":"max-snippet:-1","max-image-preview":"max-image-preview:large","max-video-preview":"max-video-preview:-1"},"canonical":"https:\/\/crta-robotics.com\/de\/tim-crta-e-s-amelicor-om-predstavio-napredne-robotske-tehnologije-na-konferenciji-digideck23-o-digitalizaciji-u-gradevini\/","og_locale":"de_DE","og_type":"article","og_title":"CRTA i AMELICOR predstavili napredne robotske tehnologije na konferenciji DigiDeck23 o digitalizaciji u gra\u0111evini - CRTA","og_description":"U srijedu 16.11.2023. na\u0161 asistent i doktorand Branimir \u0106aran, pod vodstvom docenta Marka \u0160vace sudjelovao je na me\u0111unarodnoj konferenciji digitalizacije u gra\u0111evini \u2013 DigiDeck23. Na\u0161 tim iz CRTA-e udru\u017eio je snage s AMELICOR grupom kako bi na konferenciji pokazao mogu\u0107nosti primjene suvremenih robotskih tehnologija u procesima digitalizacije i provjere u gra\u0111evinskom sektoru.&nbsp; Kori\u0161tenjem mobilnog robota&hellip; Read more","og_url":"https:\/\/crta-robotics.com\/de\/tim-crta-e-s-amelicor-om-predstavio-napredne-robotske-tehnologije-na-konferenciji-digideck23-o-digitalizaciji-u-gradevini\/","og_site_name":"CRTA","article_published_time":"2023-11-24T15:58:26+00:00","article_modified_time":"2023-11-24T16:10:49+00:00","og_image":[{"width":2500,"height":1666,"url":"https:\/\/crta-robotics.com\/wp-content\/uploads\/2023\/11\/DigiDeck-1.jpg","type":"image\/jpeg"}],"author":"CRTA","twitter_card":"summary_large_image","twitter_misc":{"Verfasst von":"CRTA","Gesch\u00e4tzte Lesezeit":"2\u00a0Minuten"},"schema":{"@context":"https:\/\/schema.org","@graph":[{"@type":"Article","@id":"https:\/\/crta-robotics.com\/tim-crta-e-s-amelicor-om-predstavio-napredne-robotske-tehnologije-na-konferenciji-digideck23-o-digitalizaciji-u-gradevini\/#article","isPartOf":{"@id":"https:\/\/crta-robotics.com\/tim-crta-e-s-amelicor-om-predstavio-napredne-robotske-tehnologije-na-konferenciji-digideck23-o-digitalizaciji-u-gradevini\/"},"author":{"name":"CRTA","@id":"https:\/\/crta-robotics.com\/#\/schema\/person\/572b85658b5689a6ad17cb83245d7e7e"},"headline":"CRTA i AMELICOR predstavili napredne robotske tehnologije na konferenciji DigiDeck23 o digitalizaciji u gra\u0111evini","datePublished":"2023-11-24T15:58:26+00:00","dateModified":"2023-11-24T16:10:49+00:00","mainEntityOfPage":{"@id":"https:\/\/crta-robotics.com\/tim-crta-e-s-amelicor-om-predstavio-napredne-robotske-tehnologije-na-konferenciji-digideck23-o-digitalizaciji-u-gradevini\/"},"wordCount":158,"publisher":{"@id":"https:\/\/crta-robotics.com\/#organization"},"image":{"@id":"https:\/\/crta-robotics.com\/tim-crta-e-s-amelicor-om-predstavio-napredne-robotske-tehnologije-na-konferenciji-digideck23-o-digitalizaciji-u-gradevini\/#primaryimage"},"thumbnailUrl":"https:\/\/crta-robotics.com\/wp-content\/uploads\/2023\/11\/DigiDeck-1.jpg","articleSection":["Uncategorized"],"inLanguage":"de"},{"@type":"WebPage","@id":"https:\/\/crta-robotics.com\/tim-crta-e-s-amelicor-om-predstavio-napredne-robotske-tehnologije-na-konferenciji-digideck23-o-digitalizaciji-u-gradevini\/","url":"https:\/\/crta-robotics.com\/tim-crta-e-s-amelicor-om-predstavio-napredne-robotske-tehnologije-na-konferenciji-digideck23-o-digitalizaciji-u-gradevini\/","name":"CRTA und AMELICOR pr\u00e4sentierten fortschrittliche Robotertechnologien auf der DigiDeck23-Konferenz zur Digitalisierung im Bauwesen - CRTA","isPartOf":{"@id":"https:\/\/crta-robotics.com\/#website"},"primaryImageOfPage":{"@id":"https:\/\/crta-robotics.com\/tim-crta-e-s-amelicor-om-predstavio-napredne-robotske-tehnologije-na-konferenciji-digideck23-o-digitalizaciji-u-gradevini\/#primaryimage"},"image":{"@id":"https:\/\/crta-robotics.com\/tim-crta-e-s-amelicor-om-predstavio-napredne-robotske-tehnologije-na-konferenciji-digideck23-o-digitalizaciji-u-gradevini\/#primaryimage"},"thumbnailUrl":"https:\/\/crta-robotics.com\/wp-content\/uploads\/2023\/11\/DigiDeck-1.jpg","datePublished":"2023-11-24T15:58:26+00:00","dateModified":"2023-11-24T16:10:49+00:00","breadcrumb":{"@id":"https:\/\/crta-robotics.com\/tim-crta-e-s-amelicor-om-predstavio-napredne-robotske-tehnologije-na-konferenciji-digideck23-o-digitalizaciji-u-gradevini\/#breadcrumb"},"inLanguage":"de","potentialAction":[{"@type":"ReadAction","target":["https:\/\/crta-robotics.com\/tim-crta-e-s-amelicor-om-predstavio-napredne-robotske-tehnologije-na-konferenciji-digideck23-o-digitalizaciji-u-gradevini\/"]}]},{"@type":"ImageObject","inLanguage":"de","@id":"https:\/\/crta-robotics.com\/tim-crta-e-s-amelicor-om-predstavio-napredne-robotske-tehnologije-na-konferenciji-digideck23-o-digitalizaciji-u-gradevini\/#primaryimage","url":"https:\/\/crta-robotics.com\/wp-content\/uploads\/2023\/11\/DigiDeck-1.jpg","contentUrl":"https:\/\/crta-robotics.com\/wp-content\/uploads\/2023\/11\/DigiDeck-1.jpg","width":2500,"height":1666},{"@type":"BreadcrumbList","@id":"https:\/\/crta-robotics.com\/tim-crta-e-s-amelicor-om-predstavio-napredne-robotske-tehnologije-na-konferenciji-digideck23-o-digitalizaciji-u-gradevini\/#breadcrumb","itemListElement":[{"@type":"ListItem","position":1,"name":"Po\u010detna stranica","item":"https:\/\/crta-robotics.com\/"},{"@type":"ListItem","position":2,"name":"CRTA i AMELICOR predstavili napredne robotske tehnologije na konferenciji DigiDeck23 o digitalizaciji u gra\u0111evini"}]},{"@type":"WebSite","@id":"https:\/\/crta-robotics.com\/#website","url":"https:\/\/crta-robotics.com\/","name":"CRTA","description":"Regionales Exzellenzzentrum f\u00fcr Robotertechnologie","publisher":{"@id":"https:\/\/crta-robotics.com\/#organization"},"potentialAction":[{"@type":"SearchAction","target":{"@type":"EntryPoint","urlTemplate":"https:\/\/crta-robotics.com\/?s={search_term_string}"},"query-input":{"@type":"PropertyValueSpecification","valueRequired":true,"valueName":"search_term_string"}}],"inLanguage":"de"},{"@type":"Organization","@id":"https:\/\/crta-robotics.com\/#organization","name":"CRTA","url":"https:\/\/crta-robotics.com\/","logo":{"@type":"ImageObject","inLanguage":"de","@id":"https:\/\/crta-robotics.com\/#\/schema\/logo\/image\/","url":"https:\/\/crta-robotics.com\/wp-content\/uploads\/2025\/01\/logo.png","contentUrl":"https:\/\/crta-robotics.com\/wp-content\/uploads\/2025\/01\/logo.png","width":4628,"height":6012,"caption":"CRTA"},"image":{"@id":"https:\/\/crta-robotics.com\/#\/schema\/logo\/image\/"},"sameAs":["https:\/\/www.youtube.com\/channel\/UC31U0HP10N8_P6uo2PndYRQ"]},{"@type":"Person","@id":"https:\/\/crta-robotics.com\/#\/schema\/person\/572b85658b5689a6ad17cb83245d7e7e","name":"CRTA","image":{"@type":"ImageObject","inLanguage":"de","@id":"https:\/\/secure.gravatar.com\/avatar\/77a65c0e8bd0bae3f600a6be56bb34c20f29251da02eb249a20fa9133b6fffe3?s=96&d=mm&r=g","url":"https:\/\/secure.gravatar.com\/avatar\/77a65c0e8bd0bae3f600a6be56bb34c20f29251da02eb249a20fa9133b6fffe3?s=96&d=mm&r=g","contentUrl":"https:\/\/secure.gravatar.com\/avatar\/77a65c0e8bd0bae3f600a6be56bb34c20f29251da02eb249a20fa9133b6fffe3?s=96&d=mm&r=g","caption":"CRTA"},"url":"https:\/\/crta-robotics.com\/de\/author\/crta\/"}]}},"_links":{"self":[{"href":"https:\/\/crta-robotics.com\/de\/wp-json\/wp\/v2\/posts\/1544","targetHints":{"allow":["GET"]}}],"collection":[{"href":"https:\/\/crta-robotics.com\/de\/wp-json\/wp\/v2\/posts"}],"about":[{"href":"https:\/\/crta-robotics.com\/de\/wp-json\/wp\/v2\/types\/post"}],"author":[{"embeddable":true,"href":"https:\/\/crta-robotics.com\/de\/wp-json\/wp\/v2\/users\/11"}],"replies":[{"embeddable":true,"href":"https:\/\/crta-robotics.com\/de\/wp-json\/wp\/v2\/comments?post=1544"}],"version-history":[{"count":5,"href":"https:\/\/crta-robotics.com\/de\/wp-json\/wp\/v2\/posts\/1544\/revisions"}],"predecessor-version":[{"id":1556,"href":"https:\/\/crta-robotics.com\/de\/wp-json\/wp\/v2\/posts\/1544\/revisions\/1556"}],"wp:featuredmedia":[{"embeddable":true,"href":"https:\/\/crta-robotics.com\/de\/wp-json\/wp\/v2\/media\/1545"}],"wp:attachment":[{"href":"https:\/\/crta-robotics.com\/de\/wp-json\/wp\/v2\/media?parent=1544"}],"wp:term":[{"taxonomy":"category","embeddable":true,"href":"https:\/\/crta-robotics.com\/de\/wp-json\/wp\/v2\/categories?post=1544"},{"taxonomy":"post_tag","embeddable":true,"href":"https:\/\/crta-robotics.com\/de\/wp-json\/wp\/v2\/tags?post=1544"}],"curies":[{"name":"wp","href":"https:\/\/api.w.org\/{rel}","templated":true}]}}